{"id":26765,"date":"2022-09-13T14:24:03","date_gmt":"2022-09-13T14:24:03","guid":{"rendered":"https:\/\/www.turismelacostera.com\/?p=26765"},"modified":"2022-09-13T14:24:06","modified_gmt":"2022-09-13T14:24:06","slug":"viu-un-cap-de-setmana-amb-els-ibers-2022","status":"publish","type":"post","link":"https:\/\/www.turismelacostera.com\/es\/viu-un-cap-de-setmana-amb-els-ibers-2022\/","title":{"rendered":"Viu un cap de setmana amb els ibers 2022"},"content":{"rendered":"\n<p>El cap de setmana del 24 i 25 de setembre us convidem a participar en les XV Jornades de La Bastida de les Alcusses (Moixent),\u00a0<em>Viu un cap de setmana amb els ibers<\/em>\u00a0que enguany porten per t\u00edtol\u00a0<em>Constru\u00efm la ciutat<\/em>.<br>En aquesta edici\u00f3 descobrireu com es va idear i organitzar la construcci\u00f3 d\u2019aquesta emblem\u00e1tica ciutat ibera, tot de la m\u00e0 dels seus protagonistes que cobraran vida durant eixos dies. A m\u00e9s, a Moixent, podreu visitar l\u2019exposici\u00f3\u00a0<em>Arqueologia d\u2019una icona. El Guerrer de Moixent en el temps\u00a0<\/em>acompanyats d\u2019una arque\u00f2loga.<br>Enguany tamb\u00e9 CAL RESERVAR la visita. Podeu triar entre anar directament al jaciment amb el vostre vehicle o agafar un autob\u00fas a Moixent que us acostar\u00e0, gratu\u00eftament, fins a La Bastida.\u00a0<\/p>\n\n\n\n<p><strong><a href=\"http:\/\/www.museuprehistoriavalencia.es\/actividades\/888\/es?q=va\">M\u00c9S INFORMACI\u00d3 I RESERVES\u00a0<\/a><\/strong>al 687 836 717 o 687 836 545 (de dimecres a diumenge, de 10 a 14 h) o en\u00a0<a href=\"mailto:labastida@moixent.es\">labastida@moixent.es<\/a>\u00a0<\/p>\n\n\n\n<p>Us recomanem portar aigua, protecci\u00f3 solar, cal\u00e7at i roba c\u00f2modes.<\/p>\n\n\n\n<p>&#8212;&#8212;&#8211;<\/p>\n\n\n\n<p><strong>Arqueologia d&#8217;una icona. El Guerrer de Moixent en el temps<\/strong><\/p>\n\n\n\n<p>El 21 de juliol de 1931, en les excavacions arqueol\u00f2giques del poblat iber de la Bastida de les Alcusses de Moixent, es va trobar una figura de bronze que representa un guerrer a cavall. Amb el temps s&#8217;ha convertit en una icona emblem\u00e0tica del patrimoni valenci\u00e0 coneguda popularment com el Guerrer de Moixent.<\/p>\n\n\n\n<p>Aquesta exposici\u00f3 tracta aquest singular objecte des de diferents punts de vista. A partir de les circumst\u00e0ncies de la troballa es presenta el context arqueol\u00f2gic i es tracten aspectes t\u00e8cnics, socials o simb\u00f2lics de la pe\u00e7a durant l&#8217;\u00e8poca ib\u00e8rica, al segle IV aC. Els usos contemporanis de la icona del guerrer permeten explorar les relacions entre l\u2019arqueologia i la societat, tot subratllant els objectius i interessos de diferents agents sobre les restes del passat.<\/p>\n\n\n\n<p>Entre dimarts, 28 de juny i diumenge, 25 de setembre de 2022.<\/p>\n\n\n\n<p>Sal\u00f3 d&#8217;Actes de la Casa de la Cultura.\u00a0 Carrer Santes Reliquies, 3.\u00a0 Moixent.<\/p>\n\n\n\n<figure class=\"wp-block-image size-full is-resized\"><img fetchpriority=\"high\" decoding=\"async\" src=\"https:\/\/www.turismelacostera.com\/wp-content\/uploads\/2022\/09\/FYgQZ5nWYAA563_-1.jpeg\" alt=\"\" class=\"wp-image-26769\" width=\"507\" height=\"717\" srcset=\"https:\/\/www.turismelacostera.com\/wp-content\/uploads\/2022\/09\/FYgQZ5nWYAA563_-1.jpeg 724w, https:\/\/www.turismelacostera.com\/wp-content\/uploads\/2022\/09\/FYgQZ5nWYAA563_-1-212x300.jpeg 212w\" sizes=\"(max-width: 507px) 100vw, 507px\" \/><\/figure>\n\n\n\n<figure class=\"wp-block-image size-large is-resized\"><img decoding=\"async\" src=\"https:\/\/www.turismelacostera.com\/wp-content\/uploads\/2022\/09\/CartelMoixentMoixent-732x1024.jpeg\" alt=\"\" class=\"wp-image-26766\" width=\"470\" height=\"658\" srcset=\"https:\/\/www.turismelacostera.com\/wp-content\/uploads\/2022\/09\/CartelMoixentMoixent-732x1024.jpeg 732w, https:\/\/www.turismelacostera.com\/wp-content\/uploads\/2022\/09\/CartelMoixentMoixent-214x300.jpeg 214w, https:\/\/www.turismelacostera.com\/wp-content\/uploads\/2022\/09\/CartelMoixentMoixent.jpeg 766w\" sizes=\"(max-width: 470px) 100vw, 470px\" \/><\/figure>\n\n\n","protected":false},"excerpt":{"rendered":"<p>El cap de setmana del 24 i 25 de setembre us convidem a participar en les XV Jornades de La Bastida de les Alcusses (Moixent),\u00a0Viu un cap de setmana amb els ibers\u00a0que enguany porten per t\u00edtol\u00a0Constru\u00efm la ciutat.En aquesta edici\u00f3 descobrireu com es va idear i organitzar la construcci\u00f3 d\u2019aquesta emblem\u00e1tica ciutat ibera, tot de [&hellip;]<\/p>\n","protected":false},"author":7,"featured_media":26772,"comment_status":"closed","ping_status":"open","sticky":false,"template":"","format":"standard","meta":{"_acf_changed":false,"footnotes":""},"categories":[14],"tags":[],"class_list":["post-26765","post","type-post","status-publish","format-standard","has-post-thumbnail","hentry","category-sin-categorizar"],"acf":[],"yoast_head":"<!-- This site is optimized with the Yoast SEO plugin v27.4 - https:\/\/yoast.com\/product\/yoast-seo-wordpress\/ -->\n<title>Viu un cap de setmana amb els ibers 2022 - Turisme La Costera<\/title>\n<meta name=\"robots\" content=\"index, follow, max-snippet:-1, max-image-preview:large, max-video-preview:-1\" \/>\n<link rel=\"canonical\" href=\"https:\/\/www.turismelacostera.com\/es\/viu-un-cap-de-setmana-amb-els-ibers-2022\/\" \/>\n<meta property=\"og:locale\" content=\"es_ES\" \/>\n<meta property=\"og:type\" content=\"article\" \/>\n<meta property=\"og:title\" content=\"Viu un cap de setmana amb els ibers 2022 - Turisme La Costera\" \/>\n<meta property=\"og:description\" content=\"El cap de setmana del 24 i 25 de setembre us convidem a participar en les XV Jornades de La Bastida de les Alcusses (Moixent),\u00a0Viu un cap de setmana amb els ibers\u00a0que enguany porten per t\u00edtol\u00a0Constru\u00efm la ciutat.En aquesta edici\u00f3 descobrireu com es va idear i organitzar la construcci\u00f3 d\u2019aquesta emblem\u00e1tica ciutat ibera, tot de [&hellip;]\" \/>\n<meta property=\"og:url\" content=\"https:\/\/www.turismelacostera.com\/es\/viu-un-cap-de-setmana-amb-els-ibers-2022\/\" \/>\n<meta property=\"og:site_name\" content=\"Turisme la Costera l Tesoros del interior\" \/>\n<meta property=\"article:published_time\" content=\"2022-09-13T14:24:03+00:00\" \/>\n<meta property=\"article:modified_time\" content=\"2022-09-13T14:24:06+00:00\" \/>\n<meta property=\"og:image\" content=\"https:\/\/www.turismelacostera.com\/wp-content\/uploads\/2022\/09\/Disen\u0303o-sin-ti\u0301tulo-6.png\" \/>\n\t<meta property=\"og:image:width\" content=\"940\" \/>\n\t<meta property=\"og:image:height\" content=\"788\" \/>\n\t<meta property=\"og:image:type\" content=\"image\/png\" \/>\n<meta name=\"author\" content=\"StLc\" \/>\n<meta name=\"twitter:card\" content=\"summary_large_image\" \/>\n<meta name=\"twitter:label1\" content=\"Escrito por\" \/>\n\t<meta name=\"twitter:data1\" content=\"StLc\" \/>\n\t<meta name=\"twitter:label2\" content=\"Tiempo de lectura\" \/>\n\t<meta name=\"twitter:data2\" content=\"3 minutos\" \/>\n<script type=\"application\/ld+json\" class=\"yoast-schema-graph\">{\"@context\":\"https:\\\/\\\/schema.org\",\"@graph\":[{\"@type\":\"Article\",\"@id\":\"https:\\\/\\\/www.turismelacostera.com\\\/es\\\/viu-un-cap-de-setmana-amb-els-ibers-2022\\\/#article\",\"isPartOf\":{\"@id\":\"https:\\\/\\\/www.turismelacostera.com\\\/es\\\/viu-un-cap-de-setmana-amb-els-ibers-2022\\\/\"},\"author\":{\"name\":\"StLc\",\"@id\":\"https:\\\/\\\/www.turismelacostera.com\\\/es\\\/#\\\/schema\\\/person\\\/ed5b3c2d1c95eb0d58de3495207646dd\"},\"headline\":\"Viu un cap de setmana amb els ibers 2022\",\"datePublished\":\"2022-09-13T14:24:03+00:00\",\"dateModified\":\"2022-09-13T14:24:06+00:00\",\"mainEntityOfPage\":{\"@id\":\"https:\\\/\\\/www.turismelacostera.com\\\/es\\\/viu-un-cap-de-setmana-amb-els-ibers-2022\\\/\"},\"wordCount\":339,\"image\":{\"@id\":\"https:\\\/\\\/www.turismelacostera.com\\\/es\\\/viu-un-cap-de-setmana-amb-els-ibers-2022\\\/#primaryimage\"},\"thumbnailUrl\":\"https:\\\/\\\/www.turismelacostera.com\\\/wp-content\\\/uploads\\\/2022\\\/09\\\/Disen\u0303o-sin-ti\u0301tulo-6.png\",\"articleSection\":[\"Sin categorizar\"],\"inLanguage\":\"es\"},{\"@type\":\"WebPage\",\"@id\":\"https:\\\/\\\/www.turismelacostera.com\\\/es\\\/viu-un-cap-de-setmana-amb-els-ibers-2022\\\/\",\"url\":\"https:\\\/\\\/www.turismelacostera.com\\\/es\\\/viu-un-cap-de-setmana-amb-els-ibers-2022\\\/\",\"name\":\"Viu un cap de setmana amb els ibers 2022 - Turisme La Costera\",\"isPartOf\":{\"@id\":\"https:\\\/\\\/www.turismelacostera.com\\\/es\\\/#website\"},\"primaryImageOfPage\":{\"@id\":\"https:\\\/\\\/www.turismelacostera.com\\\/es\\\/viu-un-cap-de-setmana-amb-els-ibers-2022\\\/#primaryimage\"},\"image\":{\"@id\":\"https:\\\/\\\/www.turismelacostera.com\\\/es\\\/viu-un-cap-de-setmana-amb-els-ibers-2022\\\/#primaryimage\"},\"thumbnailUrl\":\"https:\\\/\\\/www.turismelacostera.com\\\/wp-content\\\/uploads\\\/2022\\\/09\\\/Disen\u0303o-sin-ti\u0301tulo-6.png\",\"datePublished\":\"2022-09-13T14:24:03+00:00\",\"dateModified\":\"2022-09-13T14:24:06+00:00\",\"author\":{\"@id\":\"https:\\\/\\\/www.turismelacostera.com\\\/es\\\/#\\\/schema\\\/person\\\/ed5b3c2d1c95eb0d58de3495207646dd\"},\"breadcrumb\":{\"@id\":\"https:\\\/\\\/www.turismelacostera.com\\\/es\\\/viu-un-cap-de-setmana-amb-els-ibers-2022\\\/#breadcrumb\"},\"inLanguage\":\"es\",\"potentialAction\":[{\"@type\":\"ReadAction\",\"target\":[\"https:\\\/\\\/www.turismelacostera.com\\\/es\\\/viu-un-cap-de-setmana-amb-els-ibers-2022\\\/\"]}]},{\"@type\":\"ImageObject\",\"inLanguage\":\"es\",\"@id\":\"https:\\\/\\\/www.turismelacostera.com\\\/es\\\/viu-un-cap-de-setmana-amb-els-ibers-2022\\\/#primaryimage\",\"url\":\"https:\\\/\\\/www.turismelacostera.com\\\/wp-content\\\/uploads\\\/2022\\\/09\\\/Disen\u0303o-sin-ti\u0301tulo-6.png\",\"contentUrl\":\"https:\\\/\\\/www.turismelacostera.com\\\/wp-content\\\/uploads\\\/2022\\\/09\\\/Disen\u0303o-sin-ti\u0301tulo-6.png\",\"width\":940,\"height\":788},{\"@type\":\"BreadcrumbList\",\"@id\":\"https:\\\/\\\/www.turismelacostera.com\\\/es\\\/viu-un-cap-de-setmana-amb-els-ibers-2022\\\/#breadcrumb\",\"itemListElement\":[{\"@type\":\"ListItem\",\"position\":1,\"name\":\"Portada\",\"item\":\"https:\\\/\\\/www.turismelacostera.com\\\/es\\\/\"},{\"@type\":\"ListItem\",\"position\":2,\"name\":\"Viu un cap de setmana amb els ibers 2022\"}]},{\"@type\":\"WebSite\",\"@id\":\"https:\\\/\\\/www.turismelacostera.com\\\/es\\\/#website\",\"url\":\"https:\\\/\\\/www.turismelacostera.com\\\/es\\\/\",\"name\":\"Turisme la Costera l Tesoros del interior\",\"description\":\"Descobreix els tresors que amaga l&#039;interior de Val\u00e8ncia\",\"potentialAction\":[{\"@type\":\"SearchAction\",\"target\":{\"@type\":\"EntryPoint\",\"urlTemplate\":\"https:\\\/\\\/www.turismelacostera.com\\\/es\\\/?s={search_term_string}\"},\"query-input\":{\"@type\":\"PropertyValueSpecification\",\"valueRequired\":true,\"valueName\":\"search_term_string\"}}],\"inLanguage\":\"es\"},{\"@type\":\"Person\",\"@id\":\"https:\\\/\\\/www.turismelacostera.com\\\/es\\\/#\\\/schema\\\/person\\\/ed5b3c2d1c95eb0d58de3495207646dd\",\"name\":\"StLc\",\"image\":{\"@type\":\"ImageObject\",\"inLanguage\":\"es\",\"@id\":\"https:\\\/\\\/secure.gravatar.com\\\/avatar\\\/89ba5556b82f9ad2c76a95e95d322b62190a4706282400ebd35805d038b8dc4a?s=96&d=mm&r=g\",\"url\":\"https:\\\/\\\/secure.gravatar.com\\\/avatar\\\/89ba5556b82f9ad2c76a95e95d322b62190a4706282400ebd35805d038b8dc4a?s=96&d=mm&r=g\",\"contentUrl\":\"https:\\\/\\\/secure.gravatar.com\\\/avatar\\\/89ba5556b82f9ad2c76a95e95d322b62190a4706282400ebd35805d038b8dc4a?s=96&d=mm&r=g\",\"caption\":\"StLc\"},\"url\":\"https:\\\/\\\/www.turismelacostera.com\\\/es\\\/author\\\/social20-tlc21\\\/\"}]}<\/script>\n<!-- \/ Yoast SEO plugin. -->","yoast_head_json":{"title":"Viu un cap de setmana amb els ibers 2022 - Turisme La Costera","robots":{"index":"index","follow":"follow","max-snippet":"max-snippet:-1","max-image-preview":"max-image-preview:large","max-video-preview":"max-video-preview:-1"},"canonical":"https:\/\/www.turismelacostera.com\/es\/viu-un-cap-de-setmana-amb-els-ibers-2022\/","og_locale":"es_ES","og_type":"article","og_title":"Viu un cap de setmana amb els ibers 2022 - Turisme La Costera","og_description":"El cap de setmana del 24 i 25 de setembre us convidem a participar en les XV Jornades de La Bastida de les Alcusses (Moixent),\u00a0Viu un cap de setmana amb els ibers\u00a0que enguany porten per t\u00edtol\u00a0Constru\u00efm la ciutat.En aquesta edici\u00f3 descobrireu com es va idear i organitzar la construcci\u00f3 d\u2019aquesta emblem\u00e1tica ciutat ibera, tot de [&hellip;]","og_url":"https:\/\/www.turismelacostera.com\/es\/viu-un-cap-de-setmana-amb-els-ibers-2022\/","og_site_name":"Turisme la Costera l Tesoros del interior","article_published_time":"2022-09-13T14:24:03+00:00","article_modified_time":"2022-09-13T14:24:06+00:00","og_image":[{"width":940,"height":788,"url":"https:\/\/www.turismelacostera.com\/wp-content\/uploads\/2022\/09\/Disen\u0303o-sin-ti\u0301tulo-6.png","type":"image\/png"}],"author":"StLc","twitter_card":"summary_large_image","twitter_misc":{"Escrito por":"StLc","Tiempo de lectura":"3 minutos"},"schema":{"@context":"https:\/\/schema.org","@graph":[{"@type":"Article","@id":"https:\/\/www.turismelacostera.com\/es\/viu-un-cap-de-setmana-amb-els-ibers-2022\/#article","isPartOf":{"@id":"https:\/\/www.turismelacostera.com\/es\/viu-un-cap-de-setmana-amb-els-ibers-2022\/"},"author":{"name":"StLc","@id":"https:\/\/www.turismelacostera.com\/es\/#\/schema\/person\/ed5b3c2d1c95eb0d58de3495207646dd"},"headline":"Viu un cap de setmana amb els ibers 2022","datePublished":"2022-09-13T14:24:03+00:00","dateModified":"2022-09-13T14:24:06+00:00","mainEntityOfPage":{"@id":"https:\/\/www.turismelacostera.com\/es\/viu-un-cap-de-setmana-amb-els-ibers-2022\/"},"wordCount":339,"image":{"@id":"https:\/\/www.turismelacostera.com\/es\/viu-un-cap-de-setmana-amb-els-ibers-2022\/#primaryimage"},"thumbnailUrl":"https:\/\/www.turismelacostera.com\/wp-content\/uploads\/2022\/09\/Disen\u0303o-sin-ti\u0301tulo-6.png","articleSection":["Sin categorizar"],"inLanguage":"es"},{"@type":"WebPage","@id":"https:\/\/www.turismelacostera.com\/es\/viu-un-cap-de-setmana-amb-els-ibers-2022\/","url":"https:\/\/www.turismelacostera.com\/es\/viu-un-cap-de-setmana-amb-els-ibers-2022\/","name":"Viu un cap de setmana amb els ibers 2022 - Turisme La Costera","isPartOf":{"@id":"https:\/\/www.turismelacostera.com\/es\/#website"},"primaryImageOfPage":{"@id":"https:\/\/www.turismelacostera.com\/es\/viu-un-cap-de-setmana-amb-els-ibers-2022\/#primaryimage"},"image":{"@id":"https:\/\/www.turismelacostera.com\/es\/viu-un-cap-de-setmana-amb-els-ibers-2022\/#primaryimage"},"thumbnailUrl":"https:\/\/www.turismelacostera.com\/wp-content\/uploads\/2022\/09\/Disen\u0303o-sin-ti\u0301tulo-6.png","datePublished":"2022-09-13T14:24:03+00:00","dateModified":"2022-09-13T14:24:06+00:00","author":{"@id":"https:\/\/www.turismelacostera.com\/es\/#\/schema\/person\/ed5b3c2d1c95eb0d58de3495207646dd"},"breadcrumb":{"@id":"https:\/\/www.turismelacostera.com\/es\/viu-un-cap-de-setmana-amb-els-ibers-2022\/#breadcrumb"},"inLanguage":"es","potentialAction":[{"@type":"ReadAction","target":["https:\/\/www.turismelacostera.com\/es\/viu-un-cap-de-setmana-amb-els-ibers-2022\/"]}]},{"@type":"ImageObject","inLanguage":"es","@id":"https:\/\/www.turismelacostera.com\/es\/viu-un-cap-de-setmana-amb-els-ibers-2022\/#primaryimage","url":"https:\/\/www.turismelacostera.com\/wp-content\/uploads\/2022\/09\/Disen\u0303o-sin-ti\u0301tulo-6.png","contentUrl":"https:\/\/www.turismelacostera.com\/wp-content\/uploads\/2022\/09\/Disen\u0303o-sin-ti\u0301tulo-6.png","width":940,"height":788},{"@type":"BreadcrumbList","@id":"https:\/\/www.turismelacostera.com\/es\/viu-un-cap-de-setmana-amb-els-ibers-2022\/#breadcrumb","itemListElement":[{"@type":"ListItem","position":1,"name":"Portada","item":"https:\/\/www.turismelacostera.com\/es\/"},{"@type":"ListItem","position":2,"name":"Viu un cap de setmana amb els ibers 2022"}]},{"@type":"WebSite","@id":"https:\/\/www.turismelacostera.com\/es\/#website","url":"https:\/\/www.turismelacostera.com\/es\/","name":"Turisme la Costera l Tesoros del interior","description":"Descobreix els tresors que amaga l&#039;interior de Val\u00e8ncia","potentialAction":[{"@type":"SearchAction","target":{"@type":"EntryPoint","urlTemplate":"https:\/\/www.turismelacostera.com\/es\/?s={search_term_string}"},"query-input":{"@type":"PropertyValueSpecification","valueRequired":true,"valueName":"search_term_string"}}],"inLanguage":"es"},{"@type":"Person","@id":"https:\/\/www.turismelacostera.com\/es\/#\/schema\/person\/ed5b3c2d1c95eb0d58de3495207646dd","name":"StLc","image":{"@type":"ImageObject","inLanguage":"es","@id":"https:\/\/secure.gravatar.com\/avatar\/89ba5556b82f9ad2c76a95e95d322b62190a4706282400ebd35805d038b8dc4a?s=96&d=mm&r=g","url":"https:\/\/secure.gravatar.com\/avatar\/89ba5556b82f9ad2c76a95e95d322b62190a4706282400ebd35805d038b8dc4a?s=96&d=mm&r=g","contentUrl":"https:\/\/secure.gravatar.com\/avatar\/89ba5556b82f9ad2c76a95e95d322b62190a4706282400ebd35805d038b8dc4a?s=96&d=mm&r=g","caption":"StLc"},"url":"https:\/\/www.turismelacostera.com\/es\/author\/social20-tlc21\/"}]}},"_links":{"self":[{"href":"https:\/\/www.turismelacostera.com\/es\/wp-json\/wp\/v2\/posts\/26765","targetHints":{"allow":["GET"]}}],"collection":[{"href":"https:\/\/www.turismelacostera.com\/es\/wp-json\/wp\/v2\/posts"}],"about":[{"href":"https:\/\/www.turismelacostera.com\/es\/wp-json\/wp\/v2\/types\/post"}],"author":[{"embeddable":true,"href":"https:\/\/www.turismelacostera.com\/es\/wp-json\/wp\/v2\/users\/7"}],"replies":[{"embeddable":true,"href":"https:\/\/www.turismelacostera.com\/es\/wp-json\/wp\/v2\/comments?post=26765"}],"version-history":[{"count":0,"href":"https:\/\/www.turismelacostera.com\/es\/wp-json\/wp\/v2\/posts\/26765\/revisions"}],"wp:featuredmedia":[{"embeddable":true,"href":"https:\/\/www.turismelacostera.com\/es\/wp-json\/wp\/v2\/media\/26772"}],"wp:attachment":[{"href":"https:\/\/www.turismelacostera.com\/es\/wp-json\/wp\/v2\/media?parent=26765"}],"wp:term":[{"taxonomy":"category","embeddable":true,"href":"https:\/\/www.turismelacostera.com\/es\/wp-json\/wp\/v2\/categories?post=26765"},{"taxonomy":"post_tag","embeddable":true,"href":"https:\/\/www.turismelacostera.com\/es\/wp-json\/wp\/v2\/tags?post=26765"}],"curies":[{"name":"wp","href":"https:\/\/api.w.org\/{rel}","templated":true}]}}