{"id":26737,"date":"2022-08-19T07:50:47","date_gmt":"2022-08-19T07:50:47","guid":{"rendered":"https:\/\/www.turismelacostera.com\/concurs-fotografic-i-marato-fotografica-fira-de-xativa\/"},"modified":"2022-08-19T07:50:47","modified_gmt":"2022-08-19T07:50:47","slug":"concurs-fotografic-i-marato-fotografica-fira-de-xativa","status":"publish","type":"post","link":"https:\/\/www.turismelacostera.com\/es\/concurs-fotografic-i-marato-fotografica-fira-de-xativa\/","title":{"rendered":"Concurs fotogr\u00e0fic \u201cI Marat\u00f3 fotogr\u00e0fica Fira de X\u00e0tiva\u201d"},"content":{"rendered":"\n<p>L&#8217;Agrupaci\u00f3 Fotogr\u00e0fica Xativina d&#8217;Aficionats AFSA de X\u00e0tiva, amb el patrocini de l&#8217;Ajuntament de X\u00e0tiva, organitza el concurs fotogr\u00e0fic \u201cI Marat\u00f3 fotogr\u00e0fica Fira de X\u00e0tiva\u201d, que es regir\u00e0 per les seg\u00fcents bases:<\/p>\n\n\n\n<p>1. Les zones de participaci\u00f3 han de ser obligat\u00f2riament zones de la Fira de X\u00e0tiva aquestes poden consultar-se en la web https:\/\/linformador.net\/2022\/08\/15\/planol-de-la-fira-dexativa-2022\/ .<br>2. Les fotografies, hauran d&#8217;estar realitzades des del 19 d&#8217;Agost de 2022 fins al 20 d&#8217;Agost de 2022, tots dos dies inclusivament.<br>3. Per a facilitar l&#8217;organitzaci\u00f3 i planificaci\u00f3 en la presa d&#8217;imatges a concurs, es redueix el nombre de fotografies per participant a 2, amb tem\u00e0tica completament lliure.<br>4. La presentaci\u00f3 de les fotografies, s&#8217;han de realitzar \u00fanica i exclusivament per INSTAGRAM.<br>5. El post de la fotografia haur\u00e0 d&#8217;esmentar-se a: @afsa_xativa, @aj_xativa, @turismelacostera<br>6. El post de la fotografia haur\u00e0 de tenir les seg\u00fcents etiquetes: #FiradeXativa, #Xativa, #PrimerMaratonFiradeXativa.<br>7. El concursant haur\u00e0 de seguir a @afsa_xativa<br>8. El 21 d&#8217;agost, es comunicar\u00e0 per les xarxes socials de @afsa_xativa les fotos seleccionades com a millors fotografies d&#8217;aquesta primera marat\u00f3 fotogr\u00e0fica<br>9. El premi ser\u00e0 la quota de subscripci\u00f3 d&#8217;AFSA durant 1 any, i un premi econ\u00f2mic de 100 euros, per cadascun dels temes.<br>10. Pot participar en aquesta Marat\u00f3, qualsevol persona.<br>No s&#8217;acceptaran fotomuntatges o qualsevol alteraci\u00f3 digital m\u00e9s enll\u00e0 dels filtres que permeta implementar INSTAGRAM en la fotografia.<br>Totes les imatges presentades han de ser in\u00e8dites, sense drets de tercers sobre les obres presentades, sota la responsabilitat de cada participant. AFSA es reserva el dret d&#8217;exigir la presentaci\u00f3 d&#8217;arxiu original, jpg per a una verificaci\u00f3 de la imatge presentada a concurs.<br>La participaci\u00f3 en el concurs implica la total acceptaci\u00f3 i conformitat amb el que es disposa en aquestes bases per part dels participants.<br>L&#8217;organitzaci\u00f3 del concurs no es responsabilitza de danys personals o materials dels concursants i\/o acompanyants, propis o a tercers.<br>AFSA es reserva el dret de resoldre qualsevol conflicte que puga sorgir en la interpretaci\u00f3 de les bases o durant la realitzaci\u00f3 de la marat\u00f3. La decisi\u00f3 del Jurat ser\u00e0 inapel\u00b7lable.<br>En les q\u00fcestions no previstes en elles, l&#8217;organitzaci\u00f3 i el Jurat podran adoptar les mesures que consideren oportunes, justes i adequades.<\/p>\n\n\n\n<p><\/p>\n\n\n\n<div data-wp-interactive=\"core\/file\" class=\"wp-block-file\"><object data-wp-bind--hidden=\"!state.hasPdfPreview\" hidden class=\"wp-block-file__embed\" data=\"https:\/\/www.turismelacostera.com\/wp-content\/uploads\/2022\/08\/BASES-I-MARATON-FOTOGRA\u0301FICO-FIRA-DE-XA\u0300TIVA.pdf\" type=\"application\/pdf\" style=\"width:100%;height:600px\" aria-label=\"Incrustado de Incrustaci\u00f3 del fitxer BASES-I-MARATON-FOTOGRA\u0301FICO-FIRA-DE-XA\u0300TIVA..\"><\/object><a id=\"wp-block-file--media-0b382dd1-71ec-4520-a67c-1f2d9ca884c3\" href=\"https:\/\/www.turismelacostera.com\/wp-content\/uploads\/2022\/08\/BASES-I-MARATON-FOTOGRA\u0301FICO-FIRA-DE-XA\u0300TIVA.pdf\">BASES-I-MARATON-FOTOGRA\u0301FICO-FIRA-DE-XA\u0300TIVA<\/a><a href=\"https:\/\/www.turismelacostera.com\/wp-content\/uploads\/2022\/08\/BASES-I-MARATON-FOTOGRA\u0301FICO-FIRA-DE-XA\u0300TIVA.pdf\" class=\"wp-block-file__button\" download aria-describedby=\"wp-block-file--media-0b382dd1-71ec-4520-a67c-1f2d9ca884c3\">Baixa<\/a><\/div>\n","protected":false},"excerpt":{"rendered":"<p>L&#8217;Agrupaci\u00f3 Fotogr\u00e0fica Xativina d&#8217;Aficionats AFSA de X\u00e0tiva, amb el patrocini de l&#8217;Ajuntament de X\u00e0tiva, organitza el concurs fotogr\u00e0fic \u201cI Marat\u00f3 fotogr\u00e0fica Fira de X\u00e0tiva\u201d, que es regir\u00e0 per les seg\u00fcents bases: 1. Les zones de participaci\u00f3 han de ser obligat\u00f2riament zones de la Fira de X\u00e0tiva aquestes poden consultar-se en la web https:\/\/linformador.net\/2022\/08\/15\/planol-de-la-fira-dexativa-2022\/ .2. Les [&hellip;]<\/p>\n","protected":false},"author":7,"featured_media":26735,"comment_status":"closed","ping_status":"open","sticky":false,"template":"","format":"standard","meta":{"_acf_changed":false,"footnotes":""},"categories":[],"tags":[],"class_list":["post-26737","post","type-post","status-publish","format-standard","has-post-thumbnail","hentry"],"acf":[],"yoast_head":"<!-- This site is optimized with the Yoast SEO plugin v27.4 - https:\/\/yoast.com\/product\/yoast-seo-wordpress\/ -->\n<title>Concurs fotogr\u00e0fic \u201cI Marat\u00f3 fotogr\u00e0fica Fira de X\u00e0tiva\u201d - Turisme La Costera<\/title>\n<meta name=\"robots\" content=\"index, follow, max-snippet:-1, max-image-preview:large, max-video-preview:-1\" \/>\n<link rel=\"canonical\" href=\"https:\/\/www.turismelacostera.com\/es\/concurs-fotografic-i-marato-fotografica-fira-de-xativa\/\" \/>\n<meta property=\"og:locale\" content=\"es_ES\" \/>\n<meta property=\"og:type\" content=\"article\" \/>\n<meta property=\"og:title\" content=\"Concurs fotogr\u00e0fic \u201cI Marat\u00f3 fotogr\u00e0fica Fira de X\u00e0tiva\u201d - Turisme La Costera\" \/>\n<meta property=\"og:description\" content=\"L&#8217;Agrupaci\u00f3 Fotogr\u00e0fica Xativina d&#8217;Aficionats AFSA de X\u00e0tiva, amb el patrocini de l&#8217;Ajuntament de X\u00e0tiva, organitza el concurs fotogr\u00e0fic \u201cI Marat\u00f3 fotogr\u00e0fica Fira de X\u00e0tiva\u201d, que es regir\u00e0 per les seg\u00fcents bases: 1. Les zones de participaci\u00f3 han de ser obligat\u00f2riament zones de la Fira de X\u00e0tiva aquestes poden consultar-se en la web https:\/\/linformador.net\/2022\/08\/15\/planol-de-la-fira-dexativa-2022\/ .2. Les [&hellip;]\" \/>\n<meta property=\"og:url\" content=\"https:\/\/www.turismelacostera.com\/es\/concurs-fotografic-i-marato-fotografica-fira-de-xativa\/\" \/>\n<meta property=\"og:site_name\" content=\"Turisme la Costera l Tesoros del interior\" \/>\n<meta property=\"article:published_time\" content=\"2022-08-19T07:50:47+00:00\" \/>\n<meta property=\"og:image\" content=\"https:\/\/www.turismelacostera.com\/wp-content\/uploads\/2022\/08\/271802602_5448917121801705_6325382371545912958_n.jpg\" \/>\n\t<meta property=\"og:image:width\" content=\"600\" \/>\n\t<meta property=\"og:image:height\" content=\"600\" \/>\n\t<meta property=\"og:image:type\" content=\"image\/jpeg\" \/>\n<meta name=\"author\" content=\"StLc\" \/>\n<meta name=\"twitter:card\" content=\"summary_large_image\" \/>\n<meta name=\"twitter:label1\" content=\"Escrito por\" \/>\n\t<meta name=\"twitter:data1\" content=\"StLc\" \/>\n\t<meta name=\"twitter:label2\" content=\"Tiempo de lectura\" \/>\n\t<meta name=\"twitter:data2\" content=\"2 minutos\" \/>\n<script type=\"application\/ld+json\" class=\"yoast-schema-graph\">{\"@context\":\"https:\\\/\\\/schema.org\",\"@graph\":[{\"@type\":\"Article\",\"@id\":\"https:\\\/\\\/www.turismelacostera.com\\\/es\\\/concurs-fotografic-i-marato-fotografica-fira-de-xativa\\\/#article\",\"isPartOf\":{\"@id\":\"https:\\\/\\\/www.turismelacostera.com\\\/es\\\/concurs-fotografic-i-marato-fotografica-fira-de-xativa\\\/\"},\"author\":{\"name\":\"StLc\",\"@id\":\"https:\\\/\\\/www.turismelacostera.com\\\/es\\\/#\\\/schema\\\/person\\\/ed5b3c2d1c95eb0d58de3495207646dd\"},\"headline\":\"Concurs fotogr\u00e0fic \u201cI Marat\u00f3 fotogr\u00e0fica Fira de X\u00e0tiva\u201d\",\"datePublished\":\"2022-08-19T07:50:47+00:00\",\"mainEntityOfPage\":{\"@id\":\"https:\\\/\\\/www.turismelacostera.com\\\/es\\\/concurs-fotografic-i-marato-fotografica-fira-de-xativa\\\/\"},\"wordCount\":400,\"image\":{\"@id\":\"https:\\\/\\\/www.turismelacostera.com\\\/es\\\/concurs-fotografic-i-marato-fotografica-fira-de-xativa\\\/#primaryimage\"},\"thumbnailUrl\":\"https:\\\/\\\/www.turismelacostera.com\\\/wp-content\\\/uploads\\\/2022\\\/08\\\/271802602_5448917121801705_6325382371545912958_n.jpg\",\"inLanguage\":\"es\"},{\"@type\":\"WebPage\",\"@id\":\"https:\\\/\\\/www.turismelacostera.com\\\/es\\\/concurs-fotografic-i-marato-fotografica-fira-de-xativa\\\/\",\"url\":\"https:\\\/\\\/www.turismelacostera.com\\\/es\\\/concurs-fotografic-i-marato-fotografica-fira-de-xativa\\\/\",\"name\":\"Concurs fotogr\u00e0fic \u201cI Marat\u00f3 fotogr\u00e0fica Fira de X\u00e0tiva\u201d - Turisme La Costera\",\"isPartOf\":{\"@id\":\"https:\\\/\\\/www.turismelacostera.com\\\/es\\\/#website\"},\"primaryImageOfPage\":{\"@id\":\"https:\\\/\\\/www.turismelacostera.com\\\/es\\\/concurs-fotografic-i-marato-fotografica-fira-de-xativa\\\/#primaryimage\"},\"image\":{\"@id\":\"https:\\\/\\\/www.turismelacostera.com\\\/es\\\/concurs-fotografic-i-marato-fotografica-fira-de-xativa\\\/#primaryimage\"},\"thumbnailUrl\":\"https:\\\/\\\/www.turismelacostera.com\\\/wp-content\\\/uploads\\\/2022\\\/08\\\/271802602_5448917121801705_6325382371545912958_n.jpg\",\"datePublished\":\"2022-08-19T07:50:47+00:00\",\"author\":{\"@id\":\"https:\\\/\\\/www.turismelacostera.com\\\/es\\\/#\\\/schema\\\/person\\\/ed5b3c2d1c95eb0d58de3495207646dd\"},\"breadcrumb\":{\"@id\":\"https:\\\/\\\/www.turismelacostera.com\\\/es\\\/concurs-fotografic-i-marato-fotografica-fira-de-xativa\\\/#breadcrumb\"},\"inLanguage\":\"es\",\"potentialAction\":[{\"@type\":\"ReadAction\",\"target\":[\"https:\\\/\\\/www.turismelacostera.com\\\/es\\\/concurs-fotografic-i-marato-fotografica-fira-de-xativa\\\/\"]}]},{\"@type\":\"ImageObject\",\"inLanguage\":\"es\",\"@id\":\"https:\\\/\\\/www.turismelacostera.com\\\/es\\\/concurs-fotografic-i-marato-fotografica-fira-de-xativa\\\/#primaryimage\",\"url\":\"https:\\\/\\\/www.turismelacostera.com\\\/wp-content\\\/uploads\\\/2022\\\/08\\\/271802602_5448917121801705_6325382371545912958_n.jpg\",\"contentUrl\":\"https:\\\/\\\/www.turismelacostera.com\\\/wp-content\\\/uploads\\\/2022\\\/08\\\/271802602_5448917121801705_6325382371545912958_n.jpg\",\"width\":600,\"height\":600},{\"@type\":\"BreadcrumbList\",\"@id\":\"https:\\\/\\\/www.turismelacostera.com\\\/es\\\/concurs-fotografic-i-marato-fotografica-fira-de-xativa\\\/#breadcrumb\",\"itemListElement\":[{\"@type\":\"ListItem\",\"position\":1,\"name\":\"Portada\",\"item\":\"https:\\\/\\\/www.turismelacostera.com\\\/es\\\/\"},{\"@type\":\"ListItem\",\"position\":2,\"name\":\"Concurs fotogr\u00e0fic \u201cI Marat\u00f3 fotogr\u00e0fica Fira de X\u00e0tiva\u201d\"}]},{\"@type\":\"WebSite\",\"@id\":\"https:\\\/\\\/www.turismelacostera.com\\\/es\\\/#website\",\"url\":\"https:\\\/\\\/www.turismelacostera.com\\\/es\\\/\",\"name\":\"Turisme la Costera l Tesoros del interior\",\"description\":\"Descobreix els tresors que amaga l&#039;interior de Val\u00e8ncia\",\"potentialAction\":[{\"@type\":\"SearchAction\",\"target\":{\"@type\":\"EntryPoint\",\"urlTemplate\":\"https:\\\/\\\/www.turismelacostera.com\\\/es\\\/?s={search_term_string}\"},\"query-input\":{\"@type\":\"PropertyValueSpecification\",\"valueRequired\":true,\"valueName\":\"search_term_string\"}}],\"inLanguage\":\"es\"},{\"@type\":\"Person\",\"@id\":\"https:\\\/\\\/www.turismelacostera.com\\\/es\\\/#\\\/schema\\\/person\\\/ed5b3c2d1c95eb0d58de3495207646dd\",\"name\":\"StLc\",\"image\":{\"@type\":\"ImageObject\",\"inLanguage\":\"es\",\"@id\":\"https:\\\/\\\/secure.gravatar.com\\\/avatar\\\/89ba5556b82f9ad2c76a95e95d322b62190a4706282400ebd35805d038b8dc4a?s=96&d=mm&r=g\",\"url\":\"https:\\\/\\\/secure.gravatar.com\\\/avatar\\\/89ba5556b82f9ad2c76a95e95d322b62190a4706282400ebd35805d038b8dc4a?s=96&d=mm&r=g\",\"contentUrl\":\"https:\\\/\\\/secure.gravatar.com\\\/avatar\\\/89ba5556b82f9ad2c76a95e95d322b62190a4706282400ebd35805d038b8dc4a?s=96&d=mm&r=g\",\"caption\":\"StLc\"},\"url\":\"https:\\\/\\\/www.turismelacostera.com\\\/es\\\/author\\\/social20-tlc21\\\/\"}]}<\/script>\n<!-- \/ Yoast SEO plugin. -->","yoast_head_json":{"title":"Concurs fotogr\u00e0fic \u201cI Marat\u00f3 fotogr\u00e0fica Fira de X\u00e0tiva\u201d - Turisme La Costera","robots":{"index":"index","follow":"follow","max-snippet":"max-snippet:-1","max-image-preview":"max-image-preview:large","max-video-preview":"max-video-preview:-1"},"canonical":"https:\/\/www.turismelacostera.com\/es\/concurs-fotografic-i-marato-fotografica-fira-de-xativa\/","og_locale":"es_ES","og_type":"article","og_title":"Concurs fotogr\u00e0fic \u201cI Marat\u00f3 fotogr\u00e0fica Fira de X\u00e0tiva\u201d - Turisme La Costera","og_description":"L&#8217;Agrupaci\u00f3 Fotogr\u00e0fica Xativina d&#8217;Aficionats AFSA de X\u00e0tiva, amb el patrocini de l&#8217;Ajuntament de X\u00e0tiva, organitza el concurs fotogr\u00e0fic \u201cI Marat\u00f3 fotogr\u00e0fica Fira de X\u00e0tiva\u201d, que es regir\u00e0 per les seg\u00fcents bases: 1. Les zones de participaci\u00f3 han de ser obligat\u00f2riament zones de la Fira de X\u00e0tiva aquestes poden consultar-se en la web https:\/\/linformador.net\/2022\/08\/15\/planol-de-la-fira-dexativa-2022\/ .2. Les [&hellip;]","og_url":"https:\/\/www.turismelacostera.com\/es\/concurs-fotografic-i-marato-fotografica-fira-de-xativa\/","og_site_name":"Turisme la Costera l Tesoros del interior","article_published_time":"2022-08-19T07:50:47+00:00","og_image":[{"width":600,"height":600,"url":"https:\/\/www.turismelacostera.com\/wp-content\/uploads\/2022\/08\/271802602_5448917121801705_6325382371545912958_n.jpg","type":"image\/jpeg"}],"author":"StLc","twitter_card":"summary_large_image","twitter_misc":{"Escrito por":"StLc","Tiempo de lectura":"2 minutos"},"schema":{"@context":"https:\/\/schema.org","@graph":[{"@type":"Article","@id":"https:\/\/www.turismelacostera.com\/es\/concurs-fotografic-i-marato-fotografica-fira-de-xativa\/#article","isPartOf":{"@id":"https:\/\/www.turismelacostera.com\/es\/concurs-fotografic-i-marato-fotografica-fira-de-xativa\/"},"author":{"name":"StLc","@id":"https:\/\/www.turismelacostera.com\/es\/#\/schema\/person\/ed5b3c2d1c95eb0d58de3495207646dd"},"headline":"Concurs fotogr\u00e0fic \u201cI Marat\u00f3 fotogr\u00e0fica Fira de X\u00e0tiva\u201d","datePublished":"2022-08-19T07:50:47+00:00","mainEntityOfPage":{"@id":"https:\/\/www.turismelacostera.com\/es\/concurs-fotografic-i-marato-fotografica-fira-de-xativa\/"},"wordCount":400,"image":{"@id":"https:\/\/www.turismelacostera.com\/es\/concurs-fotografic-i-marato-fotografica-fira-de-xativa\/#primaryimage"},"thumbnailUrl":"https:\/\/www.turismelacostera.com\/wp-content\/uploads\/2022\/08\/271802602_5448917121801705_6325382371545912958_n.jpg","inLanguage":"es"},{"@type":"WebPage","@id":"https:\/\/www.turismelacostera.com\/es\/concurs-fotografic-i-marato-fotografica-fira-de-xativa\/","url":"https:\/\/www.turismelacostera.com\/es\/concurs-fotografic-i-marato-fotografica-fira-de-xativa\/","name":"Concurs fotogr\u00e0fic \u201cI Marat\u00f3 fotogr\u00e0fica Fira de X\u00e0tiva\u201d - Turisme La Costera","isPartOf":{"@id":"https:\/\/www.turismelacostera.com\/es\/#website"},"primaryImageOfPage":{"@id":"https:\/\/www.turismelacostera.com\/es\/concurs-fotografic-i-marato-fotografica-fira-de-xativa\/#primaryimage"},"image":{"@id":"https:\/\/www.turismelacostera.com\/es\/concurs-fotografic-i-marato-fotografica-fira-de-xativa\/#primaryimage"},"thumbnailUrl":"https:\/\/www.turismelacostera.com\/wp-content\/uploads\/2022\/08\/271802602_5448917121801705_6325382371545912958_n.jpg","datePublished":"2022-08-19T07:50:47+00:00","author":{"@id":"https:\/\/www.turismelacostera.com\/es\/#\/schema\/person\/ed5b3c2d1c95eb0d58de3495207646dd"},"breadcrumb":{"@id":"https:\/\/www.turismelacostera.com\/es\/concurs-fotografic-i-marato-fotografica-fira-de-xativa\/#breadcrumb"},"inLanguage":"es","potentialAction":[{"@type":"ReadAction","target":["https:\/\/www.turismelacostera.com\/es\/concurs-fotografic-i-marato-fotografica-fira-de-xativa\/"]}]},{"@type":"ImageObject","inLanguage":"es","@id":"https:\/\/www.turismelacostera.com\/es\/concurs-fotografic-i-marato-fotografica-fira-de-xativa\/#primaryimage","url":"https:\/\/www.turismelacostera.com\/wp-content\/uploads\/2022\/08\/271802602_5448917121801705_6325382371545912958_n.jpg","contentUrl":"https:\/\/www.turismelacostera.com\/wp-content\/uploads\/2022\/08\/271802602_5448917121801705_6325382371545912958_n.jpg","width":600,"height":600},{"@type":"BreadcrumbList","@id":"https:\/\/www.turismelacostera.com\/es\/concurs-fotografic-i-marato-fotografica-fira-de-xativa\/#breadcrumb","itemListElement":[{"@type":"ListItem","position":1,"name":"Portada","item":"https:\/\/www.turismelacostera.com\/es\/"},{"@type":"ListItem","position":2,"name":"Concurs fotogr\u00e0fic \u201cI Marat\u00f3 fotogr\u00e0fica Fira de X\u00e0tiva\u201d"}]},{"@type":"WebSite","@id":"https:\/\/www.turismelacostera.com\/es\/#website","url":"https:\/\/www.turismelacostera.com\/es\/","name":"Turisme la Costera l Tesoros del interior","description":"Descobreix els tresors que amaga l&#039;interior de Val\u00e8ncia","potentialAction":[{"@type":"SearchAction","target":{"@type":"EntryPoint","urlTemplate":"https:\/\/www.turismelacostera.com\/es\/?s={search_term_string}"},"query-input":{"@type":"PropertyValueSpecification","valueRequired":true,"valueName":"search_term_string"}}],"inLanguage":"es"},{"@type":"Person","@id":"https:\/\/www.turismelacostera.com\/es\/#\/schema\/person\/ed5b3c2d1c95eb0d58de3495207646dd","name":"StLc","image":{"@type":"ImageObject","inLanguage":"es","@id":"https:\/\/secure.gravatar.com\/avatar\/89ba5556b82f9ad2c76a95e95d322b62190a4706282400ebd35805d038b8dc4a?s=96&d=mm&r=g","url":"https:\/\/secure.gravatar.com\/avatar\/89ba5556b82f9ad2c76a95e95d322b62190a4706282400ebd35805d038b8dc4a?s=96&d=mm&r=g","contentUrl":"https:\/\/secure.gravatar.com\/avatar\/89ba5556b82f9ad2c76a95e95d322b62190a4706282400ebd35805d038b8dc4a?s=96&d=mm&r=g","caption":"StLc"},"url":"https:\/\/www.turismelacostera.com\/es\/author\/social20-tlc21\/"}]}},"_links":{"self":[{"href":"https:\/\/www.turismelacostera.com\/es\/wp-json\/wp\/v2\/posts\/26737","targetHints":{"allow":["GET"]}}],"collection":[{"href":"https:\/\/www.turismelacostera.com\/es\/wp-json\/wp\/v2\/posts"}],"about":[{"href":"https:\/\/www.turismelacostera.com\/es\/wp-json\/wp\/v2\/types\/post"}],"author":[{"embeddable":true,"href":"https:\/\/www.turismelacostera.com\/es\/wp-json\/wp\/v2\/users\/7"}],"replies":[{"embeddable":true,"href":"https:\/\/www.turismelacostera.com\/es\/wp-json\/wp\/v2\/comments?post=26737"}],"version-history":[{"count":0,"href":"https:\/\/www.turismelacostera.com\/es\/wp-json\/wp\/v2\/posts\/26737\/revisions"}],"wp:featuredmedia":[{"embeddable":true,"href":"https:\/\/www.turismelacostera.com\/es\/wp-json\/wp\/v2\/media\/26735"}],"wp:attachment":[{"href":"https:\/\/www.turismelacostera.com\/es\/wp-json\/wp\/v2\/media?parent=26737"}],"wp:term":[{"taxonomy":"category","embeddable":true,"href":"https:\/\/www.turismelacostera.com\/es\/wp-json\/wp\/v2\/categories?post=26737"},{"taxonomy":"post_tag","embeddable":true,"href":"https:\/\/www.turismelacostera.com\/es\/wp-json\/wp\/v2\/tags?post=26737"}],"curies":[{"name":"wp","href":"https:\/\/api.w.org\/{rel}","templated":true}]}}