{"id":26724,"date":"2022-07-08T09:06:46","date_gmt":"2022-07-08T09:06:46","guid":{"rendered":"https:\/\/www.turismelacostera.com\/turisme-la-costera-installara-17-miradors-interpretatius-als-paratges-dinteres-natural-i-cultural-de-la-comarca\/"},"modified":"2022-07-08T09:16:10","modified_gmt":"2022-07-08T09:16:10","slug":"turisme-la-costera-installara-17-miradors-interpretatius-als-paratges-dinteres-natural-i-cultural-de-la-comarca","status":"publish","type":"post","link":"https:\/\/www.turismelacostera.com\/es\/turisme-la-costera-installara-17-miradors-interpretatius-als-paratges-dinteres-natural-i-cultural-de-la-comarca\/","title":{"rendered":"Turisme La Costera instal\u00b7lar\u00e0 17 miradors interpretatius als paratges d\u2019inter\u00e9s natural i cultural de La Comarca"},"content":{"rendered":"\n<p>La marca tur\u00edstica Turismo La Costera, que se acoge dentro del Pla Dinamizaci\u00f3n y Gobernanza de la Mancomunidad la Costera-Canal, instalar\u00e1 varios miradores interpretativos a lo largo de la comarca con el objetivo de acercar y sensibilizar en la poblaci\u00f3n sobre el paisaje cultural.<\/p>\n\n\n\n<p>Estos puntos de observaci\u00f3n ofrecer\u00e1n una muestra simplificada del paisaje que incluyen mapas, fotograf\u00edas, ilustraciones, textos explicativos e interpretativos e informaci\u00f3n digital tur\u00edstica amplia del territorio a trav\u00e9s de QR.<\/p>\n\n\n\n<p>La importancia de estos puntos de observaci\u00f3n no solo radica en el hecho que aprovechan el valor experiencial que tiene el paisaje, sino que tambi\u00e9n potencian los recursos naturales, sociales y tur\u00edsticos que lo conforman.<\/p>\n\n\n\n<p>Los miradores que se pretenden instalar en la comarca de La Costera estar\u00e1n situados estrat\u00e9gicamente a los parajes naturales y lugares emblem\u00e1ticos y de inter\u00e9s natural y cultural, implementados como una oferta unitaria del conjunto de los miradores de la comarca. Adem\u00e1s, hay que destacar que los puntos de observaci\u00f3n ser\u00e1n totalmente accesibles y practicables.<\/p>\n\n\n\n<p>Los miradores constar\u00e1n de mesas panor\u00e1micas ovaladas con base de muretes de piedra seg\u00fan las caracter\u00edsticas del terreno y serigrafiats con el nombre de cada pueblo.<\/p>\n\n\n\n<p>En total, est\u00e1 previsto que se instalan 17 miradores que estar\u00e1n ubicados en los siguientes parajes de inter\u00e9s natural y cultural: Paraje natural de Barxeta, Paraje d\u00b4Alboi-El Genov\u00e9s, Mirador en el Puig de Lugar Nuevo d\u00b4En Fenollet, Belleveret- Castell de X\u00e0tiva, Serreta del Calvario en la Llosa de Ranes, Ermita de Llanera de Ranes, Alto de la Carrasposa a Rotgl\u00e0-Corbera, Riu Nuevo a l\u00b4Alcudia de Crespins, Balc\u00f3n de la Costera a Torrella, Paraje del Lavadero de Cerd\u00e0, Huerta de la Granja de la Costera, Zona verde del Riu Canyoles a Vall\u00e8s, Sube del Calvario en Novel\u00e9, Paraje del Castell en Montesa, Paraje de las Ermitas en Vallada, Paraje de les Alcusses en Mogente, Mirador del Palmito en la Font de la Figuera.<\/p>\n","protected":false},"excerpt":{"rendered":"<p>La marca tur\u00edstica Turisme La Costera, que s\u2019acull dins del Pla Dinamitzaci\u00f3 i Governan\u00e7a de la Mancomunitat la Costera-Canal, instal\u00b7lar\u00e0 diversos miradors interpretatius al llarg de la comarca amb l\u2019objectiu de acostar i sensibilitzar a la poblaci\u00f3 sobre el paisatge cultural.<\/p>\n","protected":false},"author":7,"featured_media":26721,"comment_status":"closed","ping_status":"open","sticky":false,"template":"","format":"standard","meta":{"_acf_changed":false,"footnotes":""},"categories":[],"tags":[],"class_list":["post-26724","post","type-post","status-publish","format-standard","has-post-thumbnail","hentry"],"acf":[],"yoast_head":"<!-- This site is optimized with the Yoast SEO plugin v27.4 - https:\/\/yoast.com\/product\/yoast-seo-wordpress\/ -->\n<title>Turisme La Costera instal\u00b7lar\u00e0 17 miradors interpretatius als paratges d\u2019inter\u00e9s natural i cultural de La Comarca - Turisme La Costera<\/title>\n<meta name=\"robots\" content=\"index, follow, max-snippet:-1, max-image-preview:large, max-video-preview:-1\" \/>\n<link rel=\"canonical\" href=\"https:\/\/www.turismelacostera.com\/es\/turisme-la-costera-installara-17-miradors-interpretatius-als-paratges-dinteres-natural-i-cultural-de-la-comarca\/\" \/>\n<meta property=\"og:locale\" content=\"es_ES\" \/>\n<meta property=\"og:type\" content=\"article\" \/>\n<meta property=\"og:title\" content=\"Turisme La Costera instal\u00b7lar\u00e0 17 miradors interpretatius als paratges d\u2019inter\u00e9s natural i cultural de La Comarca - Turisme La Costera\" \/>\n<meta property=\"og:description\" content=\"La marca tur\u00edstica Turisme La Costera, que s\u2019acull dins del Pla Dinamitzaci\u00f3 i Governan\u00e7a de la Mancomunitat la Costera-Canal, instal\u00b7lar\u00e0 diversos miradors interpretatius al llarg de la comarca amb l\u2019objectiu de acostar i sensibilitzar a la poblaci\u00f3 sobre el paisatge cultural.\" \/>\n<meta property=\"og:url\" content=\"https:\/\/www.turismelacostera.com\/es\/turisme-la-costera-installara-17-miradors-interpretatius-als-paratges-dinteres-natural-i-cultural-de-la-comarca\/\" \/>\n<meta property=\"og:site_name\" content=\"Turisme la Costera l Tesoros del interior\" \/>\n<meta property=\"article:published_time\" content=\"2022-07-08T09:06:46+00:00\" \/>\n<meta property=\"article:modified_time\" content=\"2022-07-08T09:16:10+00:00\" \/>\n<meta property=\"og:image\" content=\"https:\/\/www.turismelacostera.com\/wp-content\/uploads\/2022\/07\/DJI_00734356-scaled.jpg\" \/>\n\t<meta property=\"og:image:width\" content=\"2560\" \/>\n\t<meta property=\"og:image:height\" content=\"1440\" \/>\n\t<meta property=\"og:image:type\" content=\"image\/jpeg\" \/>\n<meta name=\"author\" content=\"StLc\" \/>\n<meta name=\"twitter:card\" content=\"summary_large_image\" \/>\n<meta name=\"twitter:label1\" content=\"Escrito por\" \/>\n\t<meta name=\"twitter:data1\" content=\"StLc\" \/>\n\t<meta name=\"twitter:label2\" content=\"Tiempo de lectura\" \/>\n\t<meta name=\"twitter:data2\" content=\"2 minutos\" \/>\n<script type=\"application\/ld+json\" class=\"yoast-schema-graph\">{\"@context\":\"https:\\\/\\\/schema.org\",\"@graph\":[{\"@type\":\"Article\",\"@id\":\"https:\\\/\\\/www.turismelacostera.com\\\/es\\\/turisme-la-costera-installara-17-miradors-interpretatius-als-paratges-dinteres-natural-i-cultural-de-la-comarca\\\/#article\",\"isPartOf\":{\"@id\":\"https:\\\/\\\/www.turismelacostera.com\\\/es\\\/turisme-la-costera-installara-17-miradors-interpretatius-als-paratges-dinteres-natural-i-cultural-de-la-comarca\\\/\"},\"author\":{\"name\":\"StLc\",\"@id\":\"https:\\\/\\\/www.turismelacostera.com\\\/es\\\/#\\\/schema\\\/person\\\/ed5b3c2d1c95eb0d58de3495207646dd\"},\"headline\":\"Turisme La Costera instal\u00b7lar\u00e0 17 miradors interpretatius als paratges d\u2019inter\u00e9s natural i cultural de La Comarca\",\"datePublished\":\"2022-07-08T09:06:46+00:00\",\"dateModified\":\"2022-07-08T09:16:10+00:00\",\"mainEntityOfPage\":{\"@id\":\"https:\\\/\\\/www.turismelacostera.com\\\/es\\\/turisme-la-costera-installara-17-miradors-interpretatius-als-paratges-dinteres-natural-i-cultural-de-la-comarca\\\/\"},\"wordCount\":362,\"image\":{\"@id\":\"https:\\\/\\\/www.turismelacostera.com\\\/es\\\/turisme-la-costera-installara-17-miradors-interpretatius-als-paratges-dinteres-natural-i-cultural-de-la-comarca\\\/#primaryimage\"},\"thumbnailUrl\":\"https:\\\/\\\/www.turismelacostera.com\\\/wp-content\\\/uploads\\\/2022\\\/07\\\/DJI_00734356-scaled.jpg\",\"inLanguage\":\"es\"},{\"@type\":\"WebPage\",\"@id\":\"https:\\\/\\\/www.turismelacostera.com\\\/es\\\/turisme-la-costera-installara-17-miradors-interpretatius-als-paratges-dinteres-natural-i-cultural-de-la-comarca\\\/\",\"url\":\"https:\\\/\\\/www.turismelacostera.com\\\/es\\\/turisme-la-costera-installara-17-miradors-interpretatius-als-paratges-dinteres-natural-i-cultural-de-la-comarca\\\/\",\"name\":\"Turisme La Costera instal\u00b7lar\u00e0 17 miradors interpretatius als paratges d\u2019inter\u00e9s natural i cultural de La Comarca - Turisme La Costera\",\"isPartOf\":{\"@id\":\"https:\\\/\\\/www.turismelacostera.com\\\/es\\\/#website\"},\"primaryImageOfPage\":{\"@id\":\"https:\\\/\\\/www.turismelacostera.com\\\/es\\\/turisme-la-costera-installara-17-miradors-interpretatius-als-paratges-dinteres-natural-i-cultural-de-la-comarca\\\/#primaryimage\"},\"image\":{\"@id\":\"https:\\\/\\\/www.turismelacostera.com\\\/es\\\/turisme-la-costera-installara-17-miradors-interpretatius-als-paratges-dinteres-natural-i-cultural-de-la-comarca\\\/#primaryimage\"},\"thumbnailUrl\":\"https:\\\/\\\/www.turismelacostera.com\\\/wp-content\\\/uploads\\\/2022\\\/07\\\/DJI_00734356-scaled.jpg\",\"datePublished\":\"2022-07-08T09:06:46+00:00\",\"dateModified\":\"2022-07-08T09:16:10+00:00\",\"author\":{\"@id\":\"https:\\\/\\\/www.turismelacostera.com\\\/es\\\/#\\\/schema\\\/person\\\/ed5b3c2d1c95eb0d58de3495207646dd\"},\"breadcrumb\":{\"@id\":\"https:\\\/\\\/www.turismelacostera.com\\\/es\\\/turisme-la-costera-installara-17-miradors-interpretatius-als-paratges-dinteres-natural-i-cultural-de-la-comarca\\\/#breadcrumb\"},\"inLanguage\":\"es\",\"potentialAction\":[{\"@type\":\"ReadAction\",\"target\":[\"https:\\\/\\\/www.turismelacostera.com\\\/es\\\/turisme-la-costera-installara-17-miradors-interpretatius-als-paratges-dinteres-natural-i-cultural-de-la-comarca\\\/\"]}]},{\"@type\":\"ImageObject\",\"inLanguage\":\"es\",\"@id\":\"https:\\\/\\\/www.turismelacostera.com\\\/es\\\/turisme-la-costera-installara-17-miradors-interpretatius-als-paratges-dinteres-natural-i-cultural-de-la-comarca\\\/#primaryimage\",\"url\":\"https:\\\/\\\/www.turismelacostera.com\\\/wp-content\\\/uploads\\\/2022\\\/07\\\/DJI_00734356-scaled.jpg\",\"contentUrl\":\"https:\\\/\\\/www.turismelacostera.com\\\/wp-content\\\/uploads\\\/2022\\\/07\\\/DJI_00734356-scaled.jpg\",\"width\":2560,\"height\":1440,\"caption\":\"DCIM100MEDIADJI_0073.JPG\"},{\"@type\":\"BreadcrumbList\",\"@id\":\"https:\\\/\\\/www.turismelacostera.com\\\/es\\\/turisme-la-costera-installara-17-miradors-interpretatius-als-paratges-dinteres-natural-i-cultural-de-la-comarca\\\/#breadcrumb\",\"itemListElement\":[{\"@type\":\"ListItem\",\"position\":1,\"name\":\"Portada\",\"item\":\"https:\\\/\\\/www.turismelacostera.com\\\/es\\\/\"},{\"@type\":\"ListItem\",\"position\":2,\"name\":\"Turisme La Costera instal\u00b7lar\u00e0 17 miradors interpretatius als paratges d\u2019inter\u00e9s natural i cultural de La Comarca\"}]},{\"@type\":\"WebSite\",\"@id\":\"https:\\\/\\\/www.turismelacostera.com\\\/es\\\/#website\",\"url\":\"https:\\\/\\\/www.turismelacostera.com\\\/es\\\/\",\"name\":\"Turisme la Costera l Tesoros del interior\",\"description\":\"Descobreix els tresors que amaga l&#039;interior de Val\u00e8ncia\",\"potentialAction\":[{\"@type\":\"SearchAction\",\"target\":{\"@type\":\"EntryPoint\",\"urlTemplate\":\"https:\\\/\\\/www.turismelacostera.com\\\/es\\\/?s={search_term_string}\"},\"query-input\":{\"@type\":\"PropertyValueSpecification\",\"valueRequired\":true,\"valueName\":\"search_term_string\"}}],\"inLanguage\":\"es\"},{\"@type\":\"Person\",\"@id\":\"https:\\\/\\\/www.turismelacostera.com\\\/es\\\/#\\\/schema\\\/person\\\/ed5b3c2d1c95eb0d58de3495207646dd\",\"name\":\"StLc\",\"image\":{\"@type\":\"ImageObject\",\"inLanguage\":\"es\",\"@id\":\"https:\\\/\\\/secure.gravatar.com\\\/avatar\\\/89ba5556b82f9ad2c76a95e95d322b62190a4706282400ebd35805d038b8dc4a?s=96&d=mm&r=g\",\"url\":\"https:\\\/\\\/secure.gravatar.com\\\/avatar\\\/89ba5556b82f9ad2c76a95e95d322b62190a4706282400ebd35805d038b8dc4a?s=96&d=mm&r=g\",\"contentUrl\":\"https:\\\/\\\/secure.gravatar.com\\\/avatar\\\/89ba5556b82f9ad2c76a95e95d322b62190a4706282400ebd35805d038b8dc4a?s=96&d=mm&r=g\",\"caption\":\"StLc\"},\"url\":\"https:\\\/\\\/www.turismelacostera.com\\\/es\\\/author\\\/social20-tlc21\\\/\"}]}<\/script>\n<!-- \/ Yoast SEO plugin. -->","yoast_head_json":{"title":"Turisme La Costera instal\u00b7lar\u00e0 17 miradors interpretatius als paratges d\u2019inter\u00e9s natural i cultural de La Comarca - Turisme La Costera","robots":{"index":"index","follow":"follow","max-snippet":"max-snippet:-1","max-image-preview":"max-image-preview:large","max-video-preview":"max-video-preview:-1"},"canonical":"https:\/\/www.turismelacostera.com\/es\/turisme-la-costera-installara-17-miradors-interpretatius-als-paratges-dinteres-natural-i-cultural-de-la-comarca\/","og_locale":"es_ES","og_type":"article","og_title":"Turisme La Costera instal\u00b7lar\u00e0 17 miradors interpretatius als paratges d\u2019inter\u00e9s natural i cultural de La Comarca - Turisme La Costera","og_description":"La marca tur\u00edstica Turisme La Costera, que s\u2019acull dins del Pla Dinamitzaci\u00f3 i Governan\u00e7a de la Mancomunitat la Costera-Canal, instal\u00b7lar\u00e0 diversos miradors interpretatius al llarg de la comarca amb l\u2019objectiu de acostar i sensibilitzar a la poblaci\u00f3 sobre el paisatge cultural.","og_url":"https:\/\/www.turismelacostera.com\/es\/turisme-la-costera-installara-17-miradors-interpretatius-als-paratges-dinteres-natural-i-cultural-de-la-comarca\/","og_site_name":"Turisme la Costera l Tesoros del interior","article_published_time":"2022-07-08T09:06:46+00:00","article_modified_time":"2022-07-08T09:16:10+00:00","og_image":[{"width":2560,"height":1440,"url":"https:\/\/www.turismelacostera.com\/wp-content\/uploads\/2022\/07\/DJI_00734356-scaled.jpg","type":"image\/jpeg"}],"author":"StLc","twitter_card":"summary_large_image","twitter_misc":{"Escrito por":"StLc","Tiempo de lectura":"2 minutos"},"schema":{"@context":"https:\/\/schema.org","@graph":[{"@type":"Article","@id":"https:\/\/www.turismelacostera.com\/es\/turisme-la-costera-installara-17-miradors-interpretatius-als-paratges-dinteres-natural-i-cultural-de-la-comarca\/#article","isPartOf":{"@id":"https:\/\/www.turismelacostera.com\/es\/turisme-la-costera-installara-17-miradors-interpretatius-als-paratges-dinteres-natural-i-cultural-de-la-comarca\/"},"author":{"name":"StLc","@id":"https:\/\/www.turismelacostera.com\/es\/#\/schema\/person\/ed5b3c2d1c95eb0d58de3495207646dd"},"headline":"Turisme La Costera instal\u00b7lar\u00e0 17 miradors interpretatius als paratges d\u2019inter\u00e9s natural i cultural de La Comarca","datePublished":"2022-07-08T09:06:46+00:00","dateModified":"2022-07-08T09:16:10+00:00","mainEntityOfPage":{"@id":"https:\/\/www.turismelacostera.com\/es\/turisme-la-costera-installara-17-miradors-interpretatius-als-paratges-dinteres-natural-i-cultural-de-la-comarca\/"},"wordCount":362,"image":{"@id":"https:\/\/www.turismelacostera.com\/es\/turisme-la-costera-installara-17-miradors-interpretatius-als-paratges-dinteres-natural-i-cultural-de-la-comarca\/#primaryimage"},"thumbnailUrl":"https:\/\/www.turismelacostera.com\/wp-content\/uploads\/2022\/07\/DJI_00734356-scaled.jpg","inLanguage":"es"},{"@type":"WebPage","@id":"https:\/\/www.turismelacostera.com\/es\/turisme-la-costera-installara-17-miradors-interpretatius-als-paratges-dinteres-natural-i-cultural-de-la-comarca\/","url":"https:\/\/www.turismelacostera.com\/es\/turisme-la-costera-installara-17-miradors-interpretatius-als-paratges-dinteres-natural-i-cultural-de-la-comarca\/","name":"Turisme La Costera instal\u00b7lar\u00e0 17 miradors interpretatius als paratges d\u2019inter\u00e9s natural i cultural de La Comarca - Turisme La Costera","isPartOf":{"@id":"https:\/\/www.turismelacostera.com\/es\/#website"},"primaryImageOfPage":{"@id":"https:\/\/www.turismelacostera.com\/es\/turisme-la-costera-installara-17-miradors-interpretatius-als-paratges-dinteres-natural-i-cultural-de-la-comarca\/#primaryimage"},"image":{"@id":"https:\/\/www.turismelacostera.com\/es\/turisme-la-costera-installara-17-miradors-interpretatius-als-paratges-dinteres-natural-i-cultural-de-la-comarca\/#primaryimage"},"thumbnailUrl":"https:\/\/www.turismelacostera.com\/wp-content\/uploads\/2022\/07\/DJI_00734356-scaled.jpg","datePublished":"2022-07-08T09:06:46+00:00","dateModified":"2022-07-08T09:16:10+00:00","author":{"@id":"https:\/\/www.turismelacostera.com\/es\/#\/schema\/person\/ed5b3c2d1c95eb0d58de3495207646dd"},"breadcrumb":{"@id":"https:\/\/www.turismelacostera.com\/es\/turisme-la-costera-installara-17-miradors-interpretatius-als-paratges-dinteres-natural-i-cultural-de-la-comarca\/#breadcrumb"},"inLanguage":"es","potentialAction":[{"@type":"ReadAction","target":["https:\/\/www.turismelacostera.com\/es\/turisme-la-costera-installara-17-miradors-interpretatius-als-paratges-dinteres-natural-i-cultural-de-la-comarca\/"]}]},{"@type":"ImageObject","inLanguage":"es","@id":"https:\/\/www.turismelacostera.com\/es\/turisme-la-costera-installara-17-miradors-interpretatius-als-paratges-dinteres-natural-i-cultural-de-la-comarca\/#primaryimage","url":"https:\/\/www.turismelacostera.com\/wp-content\/uploads\/2022\/07\/DJI_00734356-scaled.jpg","contentUrl":"https:\/\/www.turismelacostera.com\/wp-content\/uploads\/2022\/07\/DJI_00734356-scaled.jpg","width":2560,"height":1440,"caption":"DCIM100MEDIADJI_0073.JPG"},{"@type":"BreadcrumbList","@id":"https:\/\/www.turismelacostera.com\/es\/turisme-la-costera-installara-17-miradors-interpretatius-als-paratges-dinteres-natural-i-cultural-de-la-comarca\/#breadcrumb","itemListElement":[{"@type":"ListItem","position":1,"name":"Portada","item":"https:\/\/www.turismelacostera.com\/es\/"},{"@type":"ListItem","position":2,"name":"Turisme La Costera instal\u00b7lar\u00e0 17 miradors interpretatius als paratges d\u2019inter\u00e9s natural i cultural de La Comarca"}]},{"@type":"WebSite","@id":"https:\/\/www.turismelacostera.com\/es\/#website","url":"https:\/\/www.turismelacostera.com\/es\/","name":"Turisme la Costera l Tesoros del interior","description":"Descobreix els tresors que amaga l&#039;interior de Val\u00e8ncia","potentialAction":[{"@type":"SearchAction","target":{"@type":"EntryPoint","urlTemplate":"https:\/\/www.turismelacostera.com\/es\/?s={search_term_string}"},"query-input":{"@type":"PropertyValueSpecification","valueRequired":true,"valueName":"search_term_string"}}],"inLanguage":"es"},{"@type":"Person","@id":"https:\/\/www.turismelacostera.com\/es\/#\/schema\/person\/ed5b3c2d1c95eb0d58de3495207646dd","name":"StLc","image":{"@type":"ImageObject","inLanguage":"es","@id":"https:\/\/secure.gravatar.com\/avatar\/89ba5556b82f9ad2c76a95e95d322b62190a4706282400ebd35805d038b8dc4a?s=96&d=mm&r=g","url":"https:\/\/secure.gravatar.com\/avatar\/89ba5556b82f9ad2c76a95e95d322b62190a4706282400ebd35805d038b8dc4a?s=96&d=mm&r=g","contentUrl":"https:\/\/secure.gravatar.com\/avatar\/89ba5556b82f9ad2c76a95e95d322b62190a4706282400ebd35805d038b8dc4a?s=96&d=mm&r=g","caption":"StLc"},"url":"https:\/\/www.turismelacostera.com\/es\/author\/social20-tlc21\/"}]}},"_links":{"self":[{"href":"https:\/\/www.turismelacostera.com\/es\/wp-json\/wp\/v2\/posts\/26724","targetHints":{"allow":["GET"]}}],"collection":[{"href":"https:\/\/www.turismelacostera.com\/es\/wp-json\/wp\/v2\/posts"}],"about":[{"href":"https:\/\/www.turismelacostera.com\/es\/wp-json\/wp\/v2\/types\/post"}],"author":[{"embeddable":true,"href":"https:\/\/www.turismelacostera.com\/es\/wp-json\/wp\/v2\/users\/7"}],"replies":[{"embeddable":true,"href":"https:\/\/www.turismelacostera.com\/es\/wp-json\/wp\/v2\/comments?post=26724"}],"version-history":[{"count":0,"href":"https:\/\/www.turismelacostera.com\/es\/wp-json\/wp\/v2\/posts\/26724\/revisions"}],"wp:featuredmedia":[{"embeddable":true,"href":"https:\/\/www.turismelacostera.com\/es\/wp-json\/wp\/v2\/media\/26721"}],"wp:attachment":[{"href":"https:\/\/www.turismelacostera.com\/es\/wp-json\/wp\/v2\/media?parent=26724"}],"wp:term":[{"taxonomy":"category","embeddable":true,"href":"https:\/\/www.turismelacostera.com\/es\/wp-json\/wp\/v2\/categories?post=26724"},{"taxonomy":"post_tag","embeddable":true,"href":"https:\/\/www.turismelacostera.com\/es\/wp-json\/wp\/v2\/tags?post=26724"}],"curies":[{"name":"wp","href":"https:\/\/api.w.org\/{rel}","templated":true}]}}